{"id":7244,"date":"2026-08-28T09:52:00","date_gmt":"2026-08-28T16:52:00","guid":{"rendered":"https:\/\/www.vailhealth.org\/?p=7244"},"modified":"2026-08-31T11:29:40","modified_gmt":"2026-08-31T18:29:40","slug":"la-neblina-mental-no-es-solo-envejecimiento-como-agudizar-la-concentracion-mediante-la-nutricion-y-los-habitos-diarios","status":"publish","type":"post","link":"https:\/\/www.vailhealth.org\/es\/news\/brain-fog-isnt-just-aging-how-to-sharpen-focus-through-nutrition-and-daily-habits\/","title":{"rendered":"La neblina mental no es solo envejecimiento: c\u00f3mo agudizar la concentraci\u00f3n a trav\u00e9s de la nutrici\u00f3n y los h\u00e1bitos diarios"},"content":{"rendered":"<p class=\"wp-block-paragraph\">Aunque es cada vez m\u00e1s com\u00fan, la confusi\u00f3n mental no es un diagn\u00f3stico t\u00e9cnico. M\u00e1s bien, es un conjunto de s\u00edntomas en el que una persona experimenta fatiga y nublamiento cognitivo debido a que sus neurotransmisores no est\u00e1n funcionando de manera \u00f3ptima.&nbsp;&nbsp;<\/p>\n\n\n\n<p class=\"wp-block-paragraph\">La neblina mental no discrimina; se manifiesta de diferentes maneras y seg\u00fan la situaci\u00f3n en hombres y mujeres de todas las edades, incluidas las mujeres que transitan por la perimenopausia y la menopausia, los profesionales ocupados, los atletas, los padres, las personas con ansiedad y depresi\u00f3n, los individuos con COVID persistente y quienes sufren de falta de sue\u00f1o acumulada.&nbsp;<\/p>\n\n\n\n<p class=\"wp-block-paragraph\"><a href=\"https:\/\/www.vailhealthspan.com\/\" target=\"_blank\" rel=\"noreferrer noopener\">Vail Healthspan<\/a> director m\u00e9dico <a href=\"https:\/\/www.vailhealthspan.com\/your-team\/barry-sandler\/\" target=\"_blank\" rel=\"noreferrer noopener\">Dr. Barry Sandler<\/a> dice que la niebla mental no debe descartarse simplemente como envejecimiento. Los estilos de vida modernos ejercen un estr\u00e9s significativo sobre nuestro cerebro y sistema nervioso: mal sue\u00f1o, estr\u00e9s cr\u00f3nico, tiempo excesivo frente a las pantallas, alcohol, cambios hormonales, sobreentrenamiento, agotamiento y comportamiento sedentario.\u00a0\u00a0<\/p>\n\n\n\n<p class=\"wp-block-paragraph\">\u201cEn la medicina de la salud a plazos, consideramos la neblina mental como una se\u00f1al de alerta temprana de que el cerebro y el cuerpo quiz\u00e1s no se est\u00e9n recuperando o funcionando de manera \u00f3ptima\u201d, dice Sandler.&nbsp;&nbsp;<\/p>\n\n\n\n<p class=\"wp-block-paragraph\"><a href=\"https:\/\/www.vailhealthspan.com\/your-team\/christine-pierangeli\/\" target=\"_blank\" rel=\"noreferrer noopener\">Christine Pierangeli<\/a>, nutricionista de Vail Healthspan, dice que la neblina mental es un problema multifactorial con un denominador com\u00fan: la inflamaci\u00f3n.\u00a0\u00a0<\/p>\n\n\n\n<p class=\"wp-block-paragraph\">\u201cLa inflamaci\u00f3n cr\u00f3nica afecta a nuestros neurotransmisores, nuestro estado de \u00e1nimo y nuestra se\u00f1alizaci\u00f3n mitocondrial y cerebral\u201d, explica Pierangeli. \u201cAh\u00ed es donde la calidad de la dieta, la salud intestinal, el movimiento y el sue\u00f1o pueden ayudar a calmar la inflamaci\u00f3n\u201d.\u201d&nbsp;<\/p>\n\n\n\n<h2 class=\"wp-block-heading\">Signos comunes de la niebla mental\u00a0<\/h2>\n\n\n\n<ul class=\"wp-block-list\">\n<li>Olvido\u00a0<\/li>\n<\/ul>\n\n\n\n<ul class=\"wp-block-list\">\n<li>Fatiga o baja energ\u00eda\u00a0<\/li>\n<\/ul>\n\n\n\n<ul class=\"wp-block-list\">\n<li>Dificultad para concentrarse\u00a0<\/li>\n<\/ul>\n\n\n\n<ul class=\"wp-block-list\">\n<li>Dificultades para encontrar palabras\u00a0<\/li>\n<\/ul>\n\n\n\n<ul class=\"wp-block-list\">\n<li>Motivaci\u00f3n reducida\u00a0<\/li>\n<\/ul>\n\n\n\n<ul class=\"wp-block-list\">\n<li>Sentirse \u201cdesconectado\u201d o mentalmente ausente\u00a0<\/li>\n<\/ul>\n\n\n\n<ul class=\"wp-block-list\">\n<li>Velocidad de procesamiento m\u00e1s lenta\u00a0<\/li>\n<\/ul>\n\n\n\n<ul class=\"wp-block-list\">\n<li>Irritabilidad\u00a0\u00a0<\/li>\n<\/ul>\n\n\n\n<ul class=\"wp-block-list\">\n<li>Dificultad para hacer varias tareas a la vez\u00a0<\/li>\n<\/ul>\n\n\n\n<h2 class=\"wp-block-heading\">Agotamiento reaccionario\u00a0<\/h2>\n\n\n\n<p class=\"wp-block-paragraph\">Las personas pueden experimentar confusi\u00f3n mental durante minutos, horas, d\u00edas o de forma cr\u00f3nica. A veces, todo lo que alguien necesita es una comida nutritiva o una noche de sue\u00f1o reparador. Otras veces, desafortunadamente, la confusi\u00f3n mental es un estado perpetuo.&nbsp;&nbsp;<\/p>\n\n\n\n<p class=\"wp-block-paragraph\">Si nuestro sistema nervioso est\u00e1 constantemente en modo de lucha o huida, nuestros cuerpos se agotan y se inflaman, lo que provoca per\u00edodos prolongados de confusi\u00f3n mental. Pierangeli explica esto como agotamiento reactivo: \u201cla fatiga que tenemos por reaccionar constantemente a nuestro mundo\u201d.\u201d&nbsp;<\/p>\n\n\n\n<p class=\"wp-block-paragraph\">Si te has acostumbrado al cansancio reactivo, o a la neblina mental, no tienes por qu\u00e9 hacerlo.&nbsp;&nbsp;<\/p>\n\n\n\n<h2 class=\"wp-block-heading\">Los Tres Pilares\u00a0<\/h2>\n\n\n\n<p class=\"wp-block-paragraph\">Existen tres pilares principales para mejorar la neblina mental: el manejo del estr\u00e9s, el sue\u00f1o y la nutrici\u00f3n. Mejorar la claridad cognitiva comienza con h\u00e1bitos corporales integrales, constantes y nutritivos que se manifiestan con el tiempo.&nbsp;&nbsp;<\/p>\n\n\n\n<p class=\"wp-block-paragraph\">\u201cTenemos que pensarnos como un sistema completo\u201d, declara Pierangeli. \u201cLo lento y constante crea un progreso sostenible\u201d.\u201d&nbsp;<\/p>\n\n\n\n<p class=\"wp-block-paragraph\">Prioriza estos pilares en tu vida para priorizar tu claridad mental.&nbsp;&nbsp;<\/p>\n\n\n\n<p class=\"wp-block-paragraph\"><strong>Estr\u00e9s&nbsp;<\/strong>se origina y se ve diferente en cada persona. Al final del d\u00eda, cuando est\u00e1s estresado, los neurotransmisores de tu cerebro no pueden rendir al m\u00e1ximo de su capacidad, lo que te lleva a sentir niebla mental. El manejo del estr\u00e9s es diferente para cada persona, pero el primer paso es reconocer que es una prioridad. Los proveedores de Vail Health, Vail Healthspan y Vail Health Behavioral Health son excelentes recursos.&nbsp;&nbsp;&nbsp;<\/p>\n\n\n\n<p class=\"wp-block-paragraph\"><strong>Dormir&nbsp;<\/strong>es cuando despejamos nuestro cerebro porque \u201cel sue\u00f1o consolida nuestros recuerdos, elimina los desechos metab\u00f3licos y regula nuestro estado de \u00e1nimo\u201d, dice Pierangeli. \u201cUna noche de mal sue\u00f1o puede afectar nuestra toma de atenci\u00f3n y concentraci\u00f3n, lo cual con el tiempo se acumula\u201d. Sandler y Pierangeli recomiendan despertarse y dormirse a la misma hora todos los d\u00edas, incluso los fines de semana, para optimizar el ritmo circadiano.&nbsp;&nbsp;<\/p>\n\n\n\n<p class=\"wp-block-paragraph\"><strong>Nutrici\u00f3n&nbsp;<\/strong>es la manera de sanar tu neblina mental desde el interior. Es fundamental priorizar los alimentos integrales en cada comida. Pierangeli recomienda \u00e1cidos grasos omega-3, plantas coloridas, fibra y prote\u00edna.&nbsp;&nbsp;<\/p>\n\n\n\n<h2 class=\"wp-block-heading\">Alimentos para la salud cerebral\u00a0<\/h2>\n\n\n\n<ul class=\"wp-block-list\">\n<li><strong>\u00c1cidos grasos omega-3<\/strong>\u00a0apoyan la membrana celular del cerebro, restaurando la se\u00f1alizaci\u00f3n de los neurotransmisores y la regulaci\u00f3n de la inflamaci\u00f3n. El pescado graso es la mejor manera de incorporar estas potencias que estimulan el cerebro a su dieta: salm\u00f3n, caballa, anchoas, sardinas y arenque.\u00a0\u00a0<\/li>\n<\/ul>\n\n\n\n<ul class=\"wp-block-list\">\n<li><strong>Plantas coloridas<\/strong>\u00a0como las bayas y las verduras de hoja verde, est\u00e1n llenos de antioxidantes y polifenoles, protegen tus c\u00e9lulas del estr\u00e9s oxidativo y apoyan la salud vascular.\u00a0<\/li>\n<\/ul>\n\n\n\n<ul class=\"wp-block-list\">\n<li><strong>Alimentos fibrosos<\/strong>\u00a0como los frutos secos, las semillas, las legumbres, las bayas y los camotes ayudan a nutrir tu intestino, tambi\u00e9n conocido como tu \u201csegundo cerebro\u201d. Un intestino sano est\u00e1 directamente relacionado con un cerebro sano.\u00a0<\/li>\n<\/ul>\n\n\n\n<ul class=\"wp-block-list\">\n<li>Los amino\u00e1cidos son los componentes b\u00e1sicos de\u00a0<strong>prote\u00edna<\/strong>. Ya sea que obtengas tu prote\u00edna de animales, plantas o ambos, los amino\u00e1cidos son necesarios para la funci\u00f3n cerebral. Cuanto m\u00e1s envejecemos, m\u00e1s los necesitamos.\u00a0\u00a0<\/li>\n<\/ul>\n\n\n\n<h2 class=\"wp-block-heading\">Mejora la claridad mental con recetas sencillas\u00a0\u00a0<\/h2>\n\n\n\n<p class=\"wp-block-paragraph\">Estas dos recetas est\u00e1n llenas de los nutrientes que nuestros cuerpos necesitan para sentirse de lo mejor, apoyando el az\u00facar en la sangre, la saciedad, la inflamaci\u00f3n y, por supuesto, el equilibrio cerebral. Los ingredientes a continuaci\u00f3n proporcionan una base para las recetas. Las medidas se pueden ajustar seg\u00fan tus objetivos, el tama\u00f1o de las porciones y tu preferencia personal.&nbsp;&nbsp;<\/p>\n\n\n\n<p class=\"wp-block-paragraph\"><strong>Taz\u00f3n de salm\u00f3n potenciador del cerebro\u00a0<\/strong><\/p>\n\n\n\n<ul class=\"wp-block-list\">\n<li>Salm\u00f3n salvaje o salm\u00f3n enlatado\u00a0<\/li>\n<\/ul>\n\n\n\n<ul class=\"wp-block-list\">\n<li>Quinua o arroz integral\u00a0<\/li>\n<\/ul>\n\n\n\n<ul class=\"wp-block-list\">\n<li>Ar\u00fagula o mezcla de lechugas tiernas\u00a0<\/li>\n<\/ul>\n\n\n\n<ul class=\"wp-block-list\">\n<li>Camote asado\u00a0\u00a0<\/li>\n<\/ul>\n\n\n\n<ul class=\"wp-block-list\">\n<li>Aguacate\u00a0\u00a0<\/li>\n<\/ul>\n\n\n\n<ul class=\"wp-block-list\">\n<li>Col morada\u00a0\u00a0<\/li>\n<\/ul>\n\n\n\n<ul class=\"wp-block-list\">\n<li>Pepino\u00a0<\/li>\n<\/ul>\n\n\n\n<ul class=\"wp-block-list\">\n<li>Semillas de calabaza\u00a0<\/li>\n<\/ul>\n\n\n\n<ul class=\"wp-block-list\">\n<li>Adereza con aceite de oliva, lim\u00f3n, Dijon, ajo y hierbas.\u00a0\u00a0<\/li>\n<\/ul>\n\n\n\n<p class=\"wp-block-paragraph\"><strong>Licuado antioxidante\u00a0<\/strong><\/p>\n\n\n\n<ul class=\"wp-block-list\">\n<li>Ar\u00e1ndanos\u00a0<\/li>\n<\/ul>\n\n\n\n<ul class=\"wp-block-list\">\n<li>Espinaca\u00a0\u00a0<\/li>\n<\/ul>\n\n\n\n<ul class=\"wp-block-list\">\n<li>Semillas de lino molidas o semillas de ch\u00eda\u00a0<\/li>\n<\/ul>\n\n\n\n<ul class=\"wp-block-list\">\n<li>Yogur griego sin az\u00facar o prote\u00edna vegetal\u00a0<\/li>\n<\/ul>\n\n\n\n<ul class=\"wp-block-list\">\n<li>Leche de almendras\u00a0<\/li>\n<\/ul>\n\n\n\n<ul class=\"wp-block-list\">\n<li>Canela\u00a0\u00a0<\/li>\n<\/ul>\n\n\n\n<ul class=\"wp-block-list\">\n<li>Opcional: aguacate para darle cremosidad\u00a0\u00a0<\/li>\n<\/ul>\n\n\n\n<h2 class=\"wp-block-heading\">Mejora la neblina mental con movimiento\u00a0\u00a0<\/h2>\n\n\n\n<ul class=\"wp-block-list\">\n<li>Las caminatas de 10 minutos despu\u00e9s de las comidas equilibran el az\u00facar en la sangre.\u00a0<\/li>\n<\/ul>\n\n\n\n<ul class=\"wp-block-list\">\n<li>El ejercicio aer\u00f3bico regular en zona 2 mejora el flujo sangu\u00edneo.\u00a0\u00a0<\/li>\n<\/ul>\n\n\n\n<ul class=\"wp-block-list\">\n<li>Levanta pesas de 2 a 4 d\u00edas a la semana. El m\u00fasculo juega un papel importante en la salud metab\u00f3lica.\u00a0\u00a0<\/li>\n<\/ul>\n\n\n\n<ul class=\"wp-block-list\">\n<li>Las pausas activas breves durante el trabajo sedentario mejoran la circulaci\u00f3n y reducen la fatiga mental.\u00a0<\/li>\n<\/ul>\n\n\n\n<ul class=\"wp-block-list\">\n<li>Caminar al aire libre, especialmente en entornos naturales, reduce el estr\u00e9s y mejora la atenci\u00f3n.\u00a0\u00a0<\/li>\n<\/ul>\n\n\n\n<h2 class=\"wp-block-heading\">Mejora la neblina mental con h\u00e1bitos restauradores\u00a0\u00a0<\/h2>\n\n\n\n<ul class=\"wp-block-list\">\n<li>Prioriza de siete a nueve horas de sue\u00f1o de alta calidad.\u00a0<\/li>\n<\/ul>\n\n\n\n<ul class=\"wp-block-list\">\n<li>Limite el consumo de alcohol.\u00a0<\/li>\n<\/ul>\n\n\n\n<ul class=\"wp-block-list\">\n<li>Evita el sobreentrenamiento e integra la recuperaci\u00f3n en tu vida diaria. Esto incluye d\u00edas de descanso, estiramientos, trabajo de movilidad y tiempo lejos de las pantallas.\u00a0<\/li>\n<\/ul>\n\n\n\n<ul class=\"wp-block-list\">\n<li>Mantente hidratado.\u00a0<\/li>\n<\/ul>\n\n\n\n<ul class=\"wp-block-list\">\n<li>Respiraci\u00f3n en caja. Inhala durante cuatro segundos, mant\u00e9n la respiraci\u00f3n durante cuatro segundos, exhala durante cuatro segundos y mant\u00e9n la respiraci\u00f3n durante cuatro segundos.\u00a0\u00a0<\/li>\n<\/ul>\n\n\n\n<ul class=\"wp-block-list\">\n<li>Pasa tiempo bajo la luz del sol para mejorar la regulaci\u00f3n del sistema nervioso.\u00a0\u00a0<\/li>\n<\/ul>\n\n\n\n<p class=\"wp-block-paragraph\">El cerebro es uno de los \u00f3rganos con mayor actividad metab\u00f3lica del cuerpo. Cuando priorizas la salud cognitiva y la nutrici\u00f3n, est\u00e1s a\u00f1adiendo vida a tus a\u00f1os a la vez que impulsas tu vitalidad cognitiva, resiliencia, relaciones y calidad de vida.\u00a0<\/p>\n\n\n\n<div style=\"height:30px\" aria-hidden=\"true\" class=\"wp-block-spacer\"><\/div>\n\n\n\n<section \tclass=\"content-with-list\"\n\tstyle=\"--padding: 4.8rem;\">\n\n\t<div class=\"content-with-list__container container\">\n\n\t\t\t\t\t<div class=\"content-with-list__header\">\n\t\t\t\t<h3>\u00bfListo para adoptar un enfoque m\u00e1s proactivo hacia su salud?<\/h3>\n\t\t\t<\/div>\n\t\t\n\t\t<div class=\"content-with-list__row\">\n\n\t\t\t<!-- Description Column -->\n\t\t\t\t\t\t\t<div class=\"content-with-list__description col\">\n\t\t\t\t\t<p>La nutrici\u00f3n, el sue\u00f1o, el movimiento y los h\u00e1bitos diarios influyen en c\u00f3mo te sientes y funcionas. Ya sea que busques comprender mejor qu\u00e9 puede estar afectando tu salud u optimizar tu energ\u00eda, concentraci\u00f3n y bienestar a largo plazo, Vail Health ofrece enfoques personalizados para ayudarte a avanzar.<\/p>\n\t\t\t\t<\/div>\n\t\t\t\n\t\t\t<!-- List Section Column -->\n\t\t\t\t\t\t\t<div class=\"content-with-list__list-section col\">\n\n\t\t\t\t\t\n\t\t\t\t\t\t\t\t\t\t\t<div class=\"content-with-list__list-grid\">\n\t\t\t\t\t\t\t\n\t\t\t\t\t\t\t\t\t\t\t\t\t\t\t\t\t<a href=\"https:\/\/www.vailhealth.org\/es\/servicios\/medicina-funcional-y-de-estilo-de-vida\/\"\n\t\t\t\t\t\t\t\t\t   target=\"_self\"\n\t\t\t\t\t\t\t\t\t   class=\"content-with-list__list-item has-link\">\n\t\t\t\t\t\t\t\t\t\t<span class=\"content-with-list__icon\">\n\t\t\t\t\t\t\t\t\t\t\t<svg xmlns=\"http:\/\/www.w3.org\/2000\/svg\" width=\"24\" height=\"24\" viewbox=\"0 0 24 24\" fill=\"none\" stroke=\"currentColor\" stroke-width=\"2\" stroke-linecap=\"round\" stroke-linejoin=\"round\" class=\"lucide lucide-arrow-right-icon lucide-arrow-right\"><path d=\"M5 12h14\" \/><path d=\"m12 5 7 7-7 7\" \/><\/svg>\t\t\t\t\t\t\t\t\t\t<\/span>\n\t\t\t\t\t\t\t\t\t\t<span class=\"content-with-list__item-text\">\n\t\t\t\t\t\t\t\t\t\t\tExplore la Medicina Funcional\t\t\t\t\t\t\t\t\t\t<\/span>\n\t\t\t\t\t\t\t\t\t<\/a>\n\t\t\t\t\t\t\t\t\n\t\t\t\t\t\t\t\n\t\t\t\t\t\t\t\t\t\t\t\t\t\t\t\t\t<a href=\"https:\/\/www.vailhealthspan.com\/\"\n\t\t\t\t\t\t\t\t\t   target=\"_blank\"\n\t\t\t\t\t\t\t\t\t   class=\"content-with-list__list-item has-link\">\n\t\t\t\t\t\t\t\t\t\t<span class=\"content-with-list__icon\">\n\t\t\t\t\t\t\t\t\t\t\t<svg xmlns=\"http:\/\/www.w3.org\/2000\/svg\" width=\"24\" height=\"24\" viewbox=\"0 0 24 24\" fill=\"none\" stroke=\"currentColor\" stroke-width=\"2\" stroke-linecap=\"round\" stroke-linejoin=\"round\" class=\"lucide lucide-arrow-right-icon lucide-arrow-right\"><path d=\"M5 12h14\" \/><path d=\"m12 5 7 7-7 7\" \/><\/svg>\t\t\t\t\t\t\t\t\t\t<\/span>\n\t\t\t\t\t\t\t\t\t\t<span class=\"content-with-list__item-text\">\n\t\t\t\t\t\t\t\t\t\t\tDescubre Vail Healthspan\t\t\t\t\t\t\t\t\t\t<\/span>\n\t\t\t\t\t\t\t\t\t<\/a>\n\t\t\t\t\t\t\t\t\n\t\t\t\t\t\t\t\t\t\t\t\t\t<\/div>\n\t\t\t\t\t\n\t\t\t\t<\/div>\n\t\t\t\n\t\t<\/div>\n\n\t<\/div>\n\n<\/section>\n\n\n\n<p class=\"wp-block-paragraph\"><\/p>","protected":false},"excerpt":{"rendered":"<p>Although becoming increasingly common, brain fog is not a technical diagnosis. Rather, it is a collection of symptoms where an individual experiences feeling cognitively fatigued and clouded because their neurotransmitters are not firing optimally.&nbsp;&nbsp; Brain fog does not discriminate, manifesting differently and situationally across men and women of all ages, including women navigating perimenopause and&#8230;<\/p>","protected":false},"author":2,"featured_media":7246,"comment_status":"closed","ping_status":"closed","sticky":false,"template":"","format":"standard","meta":{"_acf_changed":false,"footnotes":""},"categories":[242,243,233,241],"tags":[],"class_list":["post-7244","post","type-post","status-publish","format-standard","has-post-thumbnail","hentry","category-health-wellness","category-healthy-aging","category-mens-health","category-womens-health"],"acf":[],"yoast_head":"<!-- This site is optimized with the Yoast SEO plugin v28.2 - https:\/\/yoast.com\/product\/yoast-seo-wordpress\/ -->\n<title>Brain Fog\u00a0Isn\u2019t\u00a0Just Aging: How to Sharpen Focus Through Nutrition and Daily Habits | Vail Health<\/title>\n<meta name=\"description\" content=\"Brain fog does not discriminate, manifesting differently and situationally across men and women of all ages.\" \/>\n<meta name=\"robots\" content=\"index, follow, max-snippet:-1, max-image-preview:large, max-video-preview:-1\" \/>\n<link rel=\"canonical\" href=\"https:\/\/www.vailhealth.org\/es\/noticias\/la-neblina-mental-no-es-solo-envejecimiento-como-agudizar-la-concentracion-mediante-la-nutricion-y-los-habitos-diarios\/\" \/>\n<meta property=\"og:locale\" content=\"es_MX\" \/>\n<meta property=\"og:type\" content=\"article\" \/>\n<meta property=\"og:title\" content=\"Brain Fog\u00a0Isn\u2019t\u00a0Just Aging: How to Sharpen Focus Through Nutrition and Daily Habits | Vail Health\" \/>\n<meta property=\"og:description\" content=\"Brain fog does not discriminate, manifesting differently and situationally across men and women of all ages.\" \/>\n<meta property=\"og:url\" content=\"https:\/\/www.vailhealth.org\/es\/noticias\/la-neblina-mental-no-es-solo-envejecimiento-como-agudizar-la-concentracion-mediante-la-nutricion-y-los-habitos-diarios\/\" \/>\n<meta property=\"og:site_name\" content=\"Vail Health\" \/>\n<meta property=\"article:publisher\" content=\"https:\/\/www.facebook.com\/VailHealth\/\" \/>\n<meta property=\"article:published_time\" content=\"2026-08-28T16:52:00+00:00\" \/>\n<meta property=\"article:modified_time\" content=\"2026-08-31T18:29:40+00:00\" \/>\n<meta property=\"og:image\" content=\"https:\/\/www.vailhealth.org\/wp-content\/uploads\/2026\/08\/EH-BrainFog-Women-1500x1001-1.jpeg\" \/>\n\t<meta property=\"og:image:width\" content=\"1500\" \/>\n\t<meta property=\"og:image:height\" content=\"1001\" \/>\n\t<meta property=\"og:image:type\" content=\"image\/jpeg\" \/>\n<meta name=\"author\" content=\"amiller\" \/>\n<meta name=\"twitter:card\" content=\"summary_large_image\" \/>\n<meta name=\"twitter:label1\" content=\"Written by\" \/>\n\t<meta name=\"twitter:data1\" content=\"amiller\" \/>\n\t<meta name=\"twitter:label2\" content=\"Est. reading time\" \/>\n\t<meta name=\"twitter:data2\" content=\"5 minutes\" \/>\n<script type=\"application\/ld+json\" class=\"yoast-schema-graph\">{\"@context\":\"https:\\\/\\\/schema.org\",\"@graph\":[{\"@type\":\"Article\",\"@id\":\"https:\\\/\\\/www.vailhealth.org\\\/news\\\/brain-fog-isnt-just-aging-how-to-sharpen-focus-through-nutrition-and-daily-habits\\\/#article\",\"isPartOf\":{\"@id\":\"https:\\\/\\\/www.vailhealth.org\\\/news\\\/brain-fog-isnt-just-aging-how-to-sharpen-focus-through-nutrition-and-daily-habits\\\/\"},\"author\":{\"name\":\"amiller\",\"@id\":\"https:\\\/\\\/www.vailhealth.org\\\/#\\\/schema\\\/person\\\/0fefd2b63163ed9d36a35b3d280ec578\"},\"headline\":\"Brain Fog\u00a0Isn\u2019t\u00a0Just Aging: How to Sharpen Focus Through Nutrition and Daily Habits\",\"datePublished\":\"2026-08-28T16:52:00+00:00\",\"dateModified\":\"2026-08-31T18:29:40+00:00\",\"mainEntityOfPage\":{\"@id\":\"https:\\\/\\\/www.vailhealth.org\\\/news\\\/brain-fog-isnt-just-aging-how-to-sharpen-focus-through-nutrition-and-daily-habits\\\/\"},\"wordCount\":1005,\"publisher\":{\"@id\":\"https:\\\/\\\/www.vailhealth.org\\\/#organization\"},\"image\":{\"@id\":\"https:\\\/\\\/www.vailhealth.org\\\/news\\\/brain-fog-isnt-just-aging-how-to-sharpen-focus-through-nutrition-and-daily-habits\\\/#primaryimage\"},\"thumbnailUrl\":\"https:\\\/\\\/www.vailhealth.org\\\/wp-content\\\/uploads\\\/2026\\\/08\\\/EH-BrainFog-Women-1500x1001-1.jpeg\",\"articleSection\":[\"Health &amp; Wellness\",\"Healthy Aging\",\"Men's Health\",\"Women's Health\"],\"inLanguage\":\"es-MX\"},{\"@type\":\"WebPage\",\"@id\":\"https:\\\/\\\/www.vailhealth.org\\\/news\\\/brain-fog-isnt-just-aging-how-to-sharpen-focus-through-nutrition-and-daily-habits\\\/\",\"url\":\"https:\\\/\\\/www.vailhealth.org\\\/news\\\/brain-fog-isnt-just-aging-how-to-sharpen-focus-through-nutrition-and-daily-habits\\\/\",\"name\":\"Brain Fog\u00a0Isn\u2019t\u00a0Just Aging: How to Sharpen Focus Through Nutrition and Daily Habits | Vail Health\",\"isPartOf\":{\"@id\":\"https:\\\/\\\/www.vailhealth.org\\\/#website\"},\"primaryImageOfPage\":{\"@id\":\"https:\\\/\\\/www.vailhealth.org\\\/news\\\/brain-fog-isnt-just-aging-how-to-sharpen-focus-through-nutrition-and-daily-habits\\\/#primaryimage\"},\"image\":{\"@id\":\"https:\\\/\\\/www.vailhealth.org\\\/news\\\/brain-fog-isnt-just-aging-how-to-sharpen-focus-through-nutrition-and-daily-habits\\\/#primaryimage\"},\"thumbnailUrl\":\"https:\\\/\\\/www.vailhealth.org\\\/wp-content\\\/uploads\\\/2026\\\/08\\\/EH-BrainFog-Women-1500x1001-1.jpeg\",\"datePublished\":\"2026-08-28T16:52:00+00:00\",\"dateModified\":\"2026-08-31T18:29:40+00:00\",\"description\":\"Brain fog does not discriminate, manifesting differently and situationally across men and women of all ages.\",\"breadcrumb\":{\"@id\":\"https:\\\/\\\/www.vailhealth.org\\\/news\\\/brain-fog-isnt-just-aging-how-to-sharpen-focus-through-nutrition-and-daily-habits\\\/#breadcrumb\"},\"inLanguage\":\"es-MX\",\"potentialAction\":[{\"@type\":\"ReadAction\",\"target\":[\"https:\\\/\\\/www.vailhealth.org\\\/news\\\/brain-fog-isnt-just-aging-how-to-sharpen-focus-through-nutrition-and-daily-habits\\\/\"]}]},{\"@type\":\"ImageObject\",\"inLanguage\":\"es-MX\",\"@id\":\"https:\\\/\\\/www.vailhealth.org\\\/news\\\/brain-fog-isnt-just-aging-how-to-sharpen-focus-through-nutrition-and-daily-habits\\\/#primaryimage\",\"url\":\"https:\\\/\\\/www.vailhealth.org\\\/wp-content\\\/uploads\\\/2026\\\/08\\\/EH-BrainFog-Women-1500x1001-1.jpeg\",\"contentUrl\":\"https:\\\/\\\/www.vailhealth.org\\\/wp-content\\\/uploads\\\/2026\\\/08\\\/EH-BrainFog-Women-1500x1001-1.jpeg\",\"width\":1500,\"height\":1001},{\"@type\":\"BreadcrumbList\",\"@id\":\"https:\\\/\\\/www.vailhealth.org\\\/news\\\/brain-fog-isnt-just-aging-how-to-sharpen-focus-through-nutrition-and-daily-habits\\\/#breadcrumb\",\"itemListElement\":[{\"@type\":\"ListItem\",\"position\":1,\"name\":\"Home\",\"item\":\"https:\\\/\\\/www.vailhealth.org\\\/\"},{\"@type\":\"ListItem\",\"position\":2,\"name\":\"Brain Fog\u00a0Isn\u2019t\u00a0Just Aging: How to Sharpen Focus Through Nutrition and Daily Habits\"}]},{\"@type\":\"WebSite\",\"@id\":\"https:\\\/\\\/www.vailhealth.org\\\/#website\",\"url\":\"https:\\\/\\\/www.vailhealth.org\\\/\",\"name\":\"Vail Health\",\"description\":\"\",\"publisher\":{\"@id\":\"https:\\\/\\\/www.vailhealth.org\\\/#organization\"},\"potentialAction\":[{\"@type\":\"SearchAction\",\"target\":{\"@type\":\"EntryPoint\",\"urlTemplate\":\"https:\\\/\\\/www.vailhealth.org\\\/?s={search_term_string}\"},\"query-input\":{\"@type\":\"PropertyValueSpecification\",\"valueRequired\":true,\"valueName\":\"search_term_string\"}}],\"inLanguage\":\"es-MX\"},{\"@type\":\"Organization\",\"@id\":\"https:\\\/\\\/www.vailhealth.org\\\/#organization\",\"name\":\"Vail Health\",\"url\":\"https:\\\/\\\/www.vailhealth.org\\\/\",\"logo\":{\"@type\":\"ImageObject\",\"inLanguage\":\"es-MX\",\"@id\":\"https:\\\/\\\/www.vailhealth.org\\\/#\\\/schema\\\/logo\\\/image\\\/\",\"url\":\"https:\\\/\\\/www.vailhealth.org\\\/wp-content\\\/uploads\\\/2026\\\/03\\\/layouthorizontal-colorfull.png\",\"contentUrl\":\"https:\\\/\\\/www.vailhealth.org\\\/wp-content\\\/uploads\\\/2026\\\/03\\\/layouthorizontal-colorfull.png\",\"width\":341,\"height\":64,\"caption\":\"Vail Health\"},\"image\":{\"@id\":\"https:\\\/\\\/www.vailhealth.org\\\/#\\\/schema\\\/logo\\\/image\\\/\"},\"sameAs\":[\"https:\\\/\\\/www.facebook.com\\\/VailHealth\\\/\"]},{\"@type\":\"Person\",\"@id\":\"https:\\\/\\\/www.vailhealth.org\\\/#\\\/schema\\\/person\\\/0fefd2b63163ed9d36a35b3d280ec578\",\"name\":\"amiller\",\"image\":{\"@type\":\"ImageObject\",\"inLanguage\":\"es-MX\",\"@id\":\"https:\\\/\\\/secure.gravatar.com\\\/avatar\\\/f665f5071a1baa491798ee6b8569f4f29358ae735f81f38c0097c7129c5ee426?s=96&d=mm&r=g\",\"url\":\"https:\\\/\\\/secure.gravatar.com\\\/avatar\\\/f665f5071a1baa491798ee6b8569f4f29358ae735f81f38c0097c7129c5ee426?s=96&d=mm&r=g\",\"contentUrl\":\"https:\\\/\\\/secure.gravatar.com\\\/avatar\\\/f665f5071a1baa491798ee6b8569f4f29358ae735f81f38c0097c7129c5ee426?s=96&d=mm&r=g\",\"caption\":\"amiller\"},\"url\":\"https:\\\/\\\/www.vailhealth.org\\\/es\\\/news\\\/author\\\/amiller\\\/\"}]}<\/script>\n<!-- \/ Yoast SEO plugin. -->","yoast_head_json":{"title":"La neblina mental no es solo envejecimiento: c\u00f3mo agudizar la concentraci\u00f3n mediante la nutrici\u00f3n y los h\u00e1bitos diarios | Vail Health","description":"La neblina mental no discrimina, manifest\u00e1ndose de manera diferente y seg\u00fan la situaci\u00f3n en hombres y mujeres de todas las edades.","robots":{"index":"index","follow":"follow","max-snippet":"max-snippet:-1","max-image-preview":"max-image-preview:large","max-video-preview":"max-video-preview:-1"},"canonical":"https:\/\/www.vailhealth.org\/es\/noticias\/la-neblina-mental-no-es-solo-envejecimiento-como-agudizar-la-concentracion-mediante-la-nutricion-y-los-habitos-diarios\/","og_locale":"es_MX","og_type":"article","og_title":"Brain Fog\u00a0Isn\u2019t\u00a0Just Aging: How to Sharpen Focus Through Nutrition and Daily Habits | Vail Health","og_description":"Brain fog does not discriminate, manifesting differently and situationally across men and women of all ages.","og_url":"https:\/\/www.vailhealth.org\/es\/noticias\/la-neblina-mental-no-es-solo-envejecimiento-como-agudizar-la-concentracion-mediante-la-nutricion-y-los-habitos-diarios\/","og_site_name":"Vail Health","article_publisher":"https:\/\/www.facebook.com\/VailHealth\/","article_published_time":"2026-08-28T16:52:00+00:00","article_modified_time":"2026-08-31T18:29:40+00:00","og_image":[{"width":1500,"height":1001,"url":"https:\/\/www.vailhealth.org\/wp-content\/uploads\/2026\/08\/EH-BrainFog-Women-1500x1001-1.jpeg","type":"image\/jpeg"}],"author":"amiller","twitter_card":"summary_large_image","twitter_misc":{"Written by":"amiller","Est. reading time":"5 minutes"},"schema":{"@context":"https:\/\/schema.org","@graph":[{"@type":"Article","@id":"https:\/\/www.vailhealth.org\/news\/brain-fog-isnt-just-aging-how-to-sharpen-focus-through-nutrition-and-daily-habits\/#article","isPartOf":{"@id":"https:\/\/www.vailhealth.org\/news\/brain-fog-isnt-just-aging-how-to-sharpen-focus-through-nutrition-and-daily-habits\/"},"author":{"name":"amiller","@id":"https:\/\/www.vailhealth.org\/#\/schema\/person\/0fefd2b63163ed9d36a35b3d280ec578"},"headline":"Brain Fog\u00a0Isn\u2019t\u00a0Just Aging: How to Sharpen Focus Through Nutrition and Daily Habits","datePublished":"2026-08-28T16:52:00+00:00","dateModified":"2026-08-31T18:29:40+00:00","mainEntityOfPage":{"@id":"https:\/\/www.vailhealth.org\/news\/brain-fog-isnt-just-aging-how-to-sharpen-focus-through-nutrition-and-daily-habits\/"},"wordCount":1005,"publisher":{"@id":"https:\/\/www.vailhealth.org\/#organization"},"image":{"@id":"https:\/\/www.vailhealth.org\/news\/brain-fog-isnt-just-aging-how-to-sharpen-focus-through-nutrition-and-daily-habits\/#primaryimage"},"thumbnailUrl":"https:\/\/www.vailhealth.org\/wp-content\/uploads\/2026\/08\/EH-BrainFog-Women-1500x1001-1.jpeg","articleSection":["Health &amp; Wellness","Healthy Aging","Men's Health","Women's Health"],"inLanguage":"es-MX"},{"@type":"WebPage","@id":"https:\/\/www.vailhealth.org\/news\/brain-fog-isnt-just-aging-how-to-sharpen-focus-through-nutrition-and-daily-habits\/","url":"https:\/\/www.vailhealth.org\/news\/brain-fog-isnt-just-aging-how-to-sharpen-focus-through-nutrition-and-daily-habits\/","name":"La neblina mental no es solo envejecimiento: c\u00f3mo agudizar la concentraci\u00f3n mediante la nutrici\u00f3n y los h\u00e1bitos diarios | Vail Health","isPartOf":{"@id":"https:\/\/www.vailhealth.org\/#website"},"primaryImageOfPage":{"@id":"https:\/\/www.vailhealth.org\/news\/brain-fog-isnt-just-aging-how-to-sharpen-focus-through-nutrition-and-daily-habits\/#primaryimage"},"image":{"@id":"https:\/\/www.vailhealth.org\/news\/brain-fog-isnt-just-aging-how-to-sharpen-focus-through-nutrition-and-daily-habits\/#primaryimage"},"thumbnailUrl":"https:\/\/www.vailhealth.org\/wp-content\/uploads\/2026\/08\/EH-BrainFog-Women-1500x1001-1.jpeg","datePublished":"2026-08-28T16:52:00+00:00","dateModified":"2026-08-31T18:29:40+00:00","description":"La neblina mental no discrimina, manifest\u00e1ndose de manera diferente y seg\u00fan la situaci\u00f3n en hombres y mujeres de todas las edades.","breadcrumb":{"@id":"https:\/\/www.vailhealth.org\/news\/brain-fog-isnt-just-aging-how-to-sharpen-focus-through-nutrition-and-daily-habits\/#breadcrumb"},"inLanguage":"es-MX","potentialAction":[{"@type":"ReadAction","target":["https:\/\/www.vailhealth.org\/news\/brain-fog-isnt-just-aging-how-to-sharpen-focus-through-nutrition-and-daily-habits\/"]}]},{"@type":"ImageObject","inLanguage":"es-MX","@id":"https:\/\/www.vailhealth.org\/news\/brain-fog-isnt-just-aging-how-to-sharpen-focus-through-nutrition-and-daily-habits\/#primaryimage","url":"https:\/\/www.vailhealth.org\/wp-content\/uploads\/2026\/08\/EH-BrainFog-Women-1500x1001-1.jpeg","contentUrl":"https:\/\/www.vailhealth.org\/wp-content\/uploads\/2026\/08\/EH-BrainFog-Women-1500x1001-1.jpeg","width":1500,"height":1001},{"@type":"BreadcrumbList","@id":"https:\/\/www.vailhealth.org\/news\/brain-fog-isnt-just-aging-how-to-sharpen-focus-through-nutrition-and-daily-habits\/#breadcrumb","itemListElement":[{"@type":"ListItem","position":1,"name":"Home","item":"https:\/\/www.vailhealth.org\/"},{"@type":"ListItem","position":2,"name":"Brain Fog\u00a0Isn\u2019t\u00a0Just Aging: How to Sharpen Focus Through Nutrition and Daily Habits"}]},{"@type":"WebSite","@id":"https:\/\/www.vailhealth.org\/#website","url":"https:\/\/www.vailhealth.org\/","name":"Vail Salud","description":"","publisher":{"@id":"https:\/\/www.vailhealth.org\/#organization"},"potentialAction":[{"@type":"SearchAction","target":{"@type":"EntryPoint","urlTemplate":"https:\/\/www.vailhealth.org\/?s={search_term_string}"},"query-input":{"@type":"PropertyValueSpecification","valueRequired":true,"valueName":"search_term_string"}}],"inLanguage":"es-MX"},{"@type":"Organization","@id":"https:\/\/www.vailhealth.org\/#organization","name":"Vail Salud","url":"https:\/\/www.vailhealth.org\/","logo":{"@type":"ImageObject","inLanguage":"es-MX","@id":"https:\/\/www.vailhealth.org\/#\/schema\/logo\/image\/","url":"https:\/\/www.vailhealth.org\/wp-content\/uploads\/2026\/03\/layouthorizontal-colorfull.png","contentUrl":"https:\/\/www.vailhealth.org\/wp-content\/uploads\/2026\/03\/layouthorizontal-colorfull.png","width":341,"height":64,"caption":"Vail Health"},"image":{"@id":"https:\/\/www.vailhealth.org\/#\/schema\/logo\/image\/"},"sameAs":["https:\/\/www.facebook.com\/VailHealth\/"]},{"@type":"Person","@id":"https:\/\/www.vailhealth.org\/#\/schema\/person\/0fefd2b63163ed9d36a35b3d280ec578","name":"molinero","image":{"@type":"ImageObject","inLanguage":"es-MX","@id":"https:\/\/secure.gravatar.com\/avatar\/f665f5071a1baa491798ee6b8569f4f29358ae735f81f38c0097c7129c5ee426?s=96&d=mm&r=g","url":"https:\/\/secure.gravatar.com\/avatar\/f665f5071a1baa491798ee6b8569f4f29358ae735f81f38c0097c7129c5ee426?s=96&d=mm&r=g","contentUrl":"https:\/\/secure.gravatar.com\/avatar\/f665f5071a1baa491798ee6b8569f4f29358ae735f81f38c0097c7129c5ee426?s=96&d=mm&r=g","caption":"amiller"},"url":"https:\/\/www.vailhealth.org\/es\/news\/author\/amiller\/"}]}},"distributor_meta":false,"distributor_terms":false,"distributor_media":false,"distributor_original_site_name":"Vail Health","distributor_original_site_url":"https:\/\/www.vailhealth.org\/es","push-errors":false,"_links":{"self":[{"href":"https:\/\/www.vailhealth.org\/es\/wp-json\/wp\/v2\/posts\/7244","targetHints":{"allow":["GET"]}}],"collection":[{"href":"https:\/\/www.vailhealth.org\/es\/wp-json\/wp\/v2\/posts"}],"about":[{"href":"https:\/\/www.vailhealth.org\/es\/wp-json\/wp\/v2\/types\/post"}],"author":[{"embeddable":true,"href":"https:\/\/www.vailhealth.org\/es\/wp-json\/wp\/v2\/users\/2"}],"replies":[{"embeddable":true,"href":"https:\/\/www.vailhealth.org\/es\/wp-json\/wp\/v2\/comments?post=7244"}],"version-history":[{"count":1,"href":"https:\/\/www.vailhealth.org\/es\/wp-json\/wp\/v2\/posts\/7244\/revisions"}],"predecessor-version":[{"id":7245,"href":"https:\/\/www.vailhealth.org\/es\/wp-json\/wp\/v2\/posts\/7244\/revisions\/7245"}],"wp:featuredmedia":[{"embeddable":true,"href":"https:\/\/www.vailhealth.org\/es\/wp-json\/wp\/v2\/media\/7246"}],"wp:attachment":[{"href":"https:\/\/www.vailhealth.org\/es\/wp-json\/wp\/v2\/media?parent=7244"}],"wp:term":[{"taxonomy":"category","embeddable":true,"href":"https:\/\/www.vailhealth.org\/es\/wp-json\/wp\/v2\/categories?post=7244"},{"taxonomy":"post_tag","embeddable":true,"href":"https:\/\/www.vailhealth.org\/es\/wp-json\/wp\/v2\/tags?post=7244"}],"curies":[{"name":"wp","href":"https:\/\/api.w.org\/{rel}","templated":true}]}}