{"id":7103,"date":"2026-08-12T12:07:32","date_gmt":"2026-08-12T19:07:32","guid":{"rendered":"https:\/\/www.vailhealth.org\/?p=7103"},"modified":"2026-08-12T12:07:33","modified_gmt":"2026-08-12T19:07:33","slug":"chavez-es-galardonado-con-el-premio-vail-health-elevate","status":"publish","type":"post","link":"https:\/\/www.vailhealth.org\/es\/news\/chavez-honored-as-recipient-of-vail-health-elevate-award\/","title":{"rendered":"Chavez honrado como galardonado con el premio Vail Health Elevate"},"content":{"rendered":"<h2 class=\"wp-block-heading\">Servicios para hu\u00e9spedes y valet nominados por atenci\u00f3n excepcional\u00a0<\/h2>\n\n\n\n<p class=\"wp-block-paragraph\">Jos\u00e9 Ch\u00e1vez, servicio al hu\u00e9sped y valet en Vail Health, ha sido nombrado ganador del Premio Elevate de Vail Health. Vail Health cre\u00f3 el Premio Elevate en junio de 2022 para brindar a los pacientes y a sus familias la oportunidad de nominar y agradecer a los empleados que han tocado sus vidas de alguna manera.\u00a0<\/p>\n\n\n\n<p class=\"wp-block-paragraph\">Ch\u00e1vez sirvi\u00f3 en el Ej\u00e9rcito de EE. UU. durante ocho a\u00f1os, incluido un despliegue en Irak. Termin\u00f3 su servicio militar en 2010 y se mud\u00f3 a Vail en busca de nuevas aventuras. Ha estado en Vail durante los \u00faltimos 16 a\u00f1os. Ch\u00e1vez se incorpor\u00f3 al equipo de Concerje de Servicios para Hu\u00e9spedes en 2024, despu\u00e9s de trabajar en el departamento de Gesti\u00f3n de Materiales de Vail Health durante 14 a\u00f1os.&nbsp;&nbsp;<\/p>\n\n\n\n<p class=\"wp-block-paragraph\">\u201cDisfruto la capacidad de interactuar y ayudar a los pacientes todos los d\u00edas\u201d, dijo Ch\u00e1vez. \u201cRealmente disfruto estar en el equipo de conserjer\u00eda para tener esta interacci\u00f3n con los pacientes. Poder ayudar en una capacidad biling\u00fce hace que su trabajo sea a\u00fan m\u00e1s gratificante\u201d.\u201d&nbsp;<\/p>\n\n\n\n<p class=\"wp-block-paragraph\">Chavez fue nominado por Lori Malazich tras una consulta quir\u00fargica, cuando \u00e9l pas\u00f3 a recogerla.&nbsp;&nbsp;<\/p>\n\n\n\n<p class=\"wp-block-paragraph\">\u201cEstaba a 1,600 millas de casa\u201d, dijo Malazich. \u201c\u00c9l fue incre\u00edblemente amigable, amable y servicial\u201d.\u201d&nbsp;<\/p>\n\n\n\n<p class=\"wp-block-paragraph\">Con una inesperada estancia de seis semanas en Vail, sola e incapaz de conducir, Ch\u00e1vez se convirti\u00f3 en un recurso indispensable y una fuente de consuelo para Malazich.&nbsp;<\/p>\n\n\n\n<p class=\"wp-block-paragraph\">\u201cSab\u00eda que siempre pod\u00eda contar con que Jos\u00e9 llegar\u00eda a tiempo y con una sonrisa\u201d, dijo Malazich. \u201cMe trat\u00f3 con una compasi\u00f3n y un cuidado enormemente grandes. Fue respetuoso al ayudarme a ir y venir de las citas m\u00e9dicas, ofreci\u00e9ndome palabras de aliento y aportando risas durante esos dolorosos d\u00edas de recuperaci\u00f3n\u201d.\u201d&nbsp;<\/p>\n\n\n\n<p class=\"wp-block-paragraph\">Desde entonces, Malazich ha regresado dos veces a Vail para citas de seguimiento, y la \u201ccara amigable\u201d de Ch\u00e1vez la recibe.&nbsp;<\/p>\n\n\n\n<p class=\"wp-block-paragraph\">\u201c\u00c9l ha hecho mucho m\u00e1s de lo esperado en los meses que pas\u00e9 en Vail\u201d, dijo. \u201cSe ha convertido en un amigo de confianza. Nunca podr\u00e9 agradecerle lo suficiente la sensaci\u00f3n de seguridad que me dio mientras viv\u00eda en la incertidumbre y lejos de mi comunidad. Cuando viajo a Vail, ahora siento que vuelvo a casa\u201d.&nbsp;<\/p>\n\n\n\n<p class=\"wp-block-paragraph\">En su tiempo libre, a Ch\u00e1vez le gusta mantenerse activo en la comunidad haciendo voluntariado, jugando y ense\u00f1ando pickleball y mahjong, colaborando con la Fundaci\u00f3n ReConnected y participando como miembro del elenco del evento \u201cMystery on Broadway\u201d, organizado cada a\u00f1o por Eagle Arts.&nbsp;<\/p>\n\n\n\n<p class=\"wp-block-paragraph\">El Premio Elevate se alinea directamente con la misi\u00f3n de Vail Health de elevar la salud en nuestras comunidades de monta\u00f1a. Los ganadores anteriores del Premio Elevate incluyen a: Erin Perejda, gerente de servicios de atenci\u00f3n de apoyo y trabajadora social cl\u00ednica licenciada en el Centro Oncol\u00f3gico Vail Health Shaw, junio de 2022; la Dra. Susan Vickerman, m\u00e9dica de medicina familiar en Colorado Mountain Medical, agosto de 2022; Meghan Gallegos, fisioterapeuta deportiva de Howard Head, diciembre de 2022; Allie Morgan, enfermera registrada de la Unidad de Atenci\u00f3n al Paciente, abril de 2023; Christi Sewell, enfermera registrada, OCN en la Unidad de Atenci\u00f3n al Paciente, junio de 2023; Jacey Hagen, enfermera de parto y postparto en el Centro de Maternidad, septiembre de 2023; Joe Drew, enfermero practicante en Vail Health Behavioral Health, diciembre de 2023; el Dr. Scott McCorvey, m\u00e9dico del Departamento de Emergencias de Vail Health, marzo de 2024; Elie Sabins, fisioterapeuta en Howard Head Sports Medicine, mayo de 2024; Maria Sullivan, enfermera registrada de postoperatorio en Vail Health, septiembre de 2024; Melissa Cordova, representante de admisiones en el Centro de Senolog\u00eda Sonnenalp, diciembre de 2024; Jenna Jacobs, enfermera registrada de postoperatorio en Vail Health, marzo de 2025; Pamela Goldsten, fisioterapeuta en Vail Health Howard Head Sports Medicine, junio de 2025; Cass Barham y Sarah Crabtree, ambas t\u00e9cnicas de laboratorio en el Hospital Vail Health, septiembre de 2025; Sarah Drew, MSN, FNP-C, ENP-C, directora s\u00e9nior de Servicios de Emergencia y Trauma en Vail Health, enero de 2026; y la Dra. Monica Grafals, MD, MPH, MBA, m\u00e9dica de medicina interna, junio de 2026.&nbsp;<\/p>\n\n\n\n<p class=\"wp-block-paragraph\">Se anima a los pacientes y a sus familiares a nominar al personal que marc\u00f3 una diferencia significativa en su experiencia de atenci\u00f3n m\u00e9dica. Los nominados pueden trabajar en cualquier \u00e1rea del sistema de salud de Vail Health, incluyendo admisiones, laboratorio, centros quir\u00fargicos, Howard Head Sports Medicine, Shaw Cancer Center, Colorado Mountain Medical, Vail Health Behavioral Health y m\u00e1s.&nbsp;<\/p>\n\n\n\n<p class=\"wp-block-paragraph\">Para nominar al personal de Vail Health, Colorado Mountain Medical, Vail Health Behavioral Health, Howard Head Sports Medicine y Shaw Cancer Center, visite\u00a0<a href=\"https:\/\/www.vailhealth.org\/es\/pacientes-y-visitantes\/premio-de-excelencia\/\" data-type=\"page\" data-id=\"2457\">VailHealth.org\/ElevateAward.<\/a><\/p>\n\n\n\n<p class=\"wp-block-paragraph\"><\/p>","protected":false},"excerpt":{"rendered":"<p>Servicios para hu\u00e9spedes y valet nominados por atenci\u00f3n excepcional. Jos\u00e9 Ch\u00e1vez, personal de servicios para hu\u00e9spedes y valet en Vail Health, ha sido nombrado ganador del Premio Elevate de Vail Health. Vail Health cre\u00f3 el Premio Elevate en junio de 2022 para brindar a los pacientes y a sus familias la oportunidad de nominar y agradecer a los empleados que han tocado sus vidas de alguna manera. Ch\u00e1vez sirvi\u00f3 en el Ej\u00e9rcito de los EE. UU. durante ocho a\u00f1os, incluido uno...<\/p>","protected":false},"author":2,"featured_media":7104,"comment_status":"closed","ping_status":"closed","sticky":false,"template":"","format":"standard","meta":{"_acf_changed":false,"footnotes":""},"categories":[235],"tags":[],"class_list":["post-7103","post","type-post","status-publish","format-standard","has-post-thumbnail","hentry","category-elevate-award"],"acf":[],"yoast_head":"<!-- This site is optimized with the Yoast SEO plugin v28.2 - https:\/\/yoast.com\/product\/yoast-seo-wordpress\/ -->\n<title>Chavez Honored as Recipient of Vail Health Elevate Award | Vail Health<\/title>\n<meta name=\"description\" content=\"Jose Chavez,\u00a0guest\u00a0services\u00a0and valet\u00a0at Vail Health,\u00a0has\u00a0been named\u00a0recipient\u00a0of the Vail Health Elevate Award.\" \/>\n<meta name=\"robots\" content=\"index, follow, max-snippet:-1, max-image-preview:large, max-video-preview:-1\" \/>\n<link rel=\"canonical\" href=\"https:\/\/www.vailhealth.org\/es\/noticias\/chavez-es-galardonado-con-el-premio-vail-health-elevate\/\" \/>\n<meta property=\"og:locale\" content=\"es_MX\" \/>\n<meta property=\"og:type\" content=\"article\" \/>\n<meta property=\"og:title\" content=\"Chavez Honored as Recipient of Vail Health Elevate Award | Vail Health\" \/>\n<meta property=\"og:description\" content=\"Jose Chavez,\u00a0guest\u00a0services\u00a0and valet\u00a0at Vail Health,\u00a0has\u00a0been named\u00a0recipient\u00a0of the Vail Health Elevate Award.\" \/>\n<meta property=\"og:url\" content=\"https:\/\/www.vailhealth.org\/es\/noticias\/chavez-es-galardonado-con-el-premio-vail-health-elevate\/\" \/>\n<meta property=\"og:site_name\" content=\"Vail Health\" \/>\n<meta property=\"article:publisher\" content=\"https:\/\/www.facebook.com\/VailHealth\/\" \/>\n<meta property=\"article:published_time\" content=\"2026-08-12T19:07:32+00:00\" \/>\n<meta property=\"article:modified_time\" content=\"2026-08-12T19:07:33+00:00\" \/>\n<meta property=\"og:image\" content=\"https:\/\/www.vailhealth.org\/wp-content\/uploads\/2026\/08\/ElevateAward-Summer2025-2-1024x683.png\" \/>\n\t<meta property=\"og:image:width\" content=\"1024\" \/>\n\t<meta property=\"og:image:height\" content=\"683\" \/>\n\t<meta property=\"og:image:type\" content=\"image\/png\" \/>\n<meta name=\"author\" content=\"amiller\" \/>\n<meta name=\"twitter:card\" content=\"summary_large_image\" \/>\n<meta name=\"twitter:label1\" content=\"Written by\" \/>\n\t<meta name=\"twitter:data1\" content=\"amiller\" \/>\n\t<meta name=\"twitter:label2\" content=\"Est. reading time\" \/>\n\t<meta name=\"twitter:data2\" content=\"4 minutes\" \/>\n<script type=\"application\/ld+json\" class=\"yoast-schema-graph\">{\"@context\":\"https:\\\/\\\/schema.org\",\"@graph\":[{\"@type\":\"Article\",\"@id\":\"https:\\\/\\\/www.vailhealth.org\\\/news\\\/chavez-honored-as-recipient-of-vail-health-elevate-award\\\/#article\",\"isPartOf\":{\"@id\":\"https:\\\/\\\/www.vailhealth.org\\\/news\\\/chavez-honored-as-recipient-of-vail-health-elevate-award\\\/\"},\"author\":{\"name\":\"amiller\",\"@id\":\"https:\\\/\\\/www.vailhealth.org\\\/#\\\/schema\\\/person\\\/0fefd2b63163ed9d36a35b3d280ec578\"},\"headline\":\"Chavez Honored as Recipient of Vail Health Elevate Award\",\"datePublished\":\"2026-08-12T19:07:32+00:00\",\"dateModified\":\"2026-08-12T19:07:33+00:00\",\"mainEntityOfPage\":{\"@id\":\"https:\\\/\\\/www.vailhealth.org\\\/news\\\/chavez-honored-as-recipient-of-vail-health-elevate-award\\\/\"},\"wordCount\":773,\"publisher\":{\"@id\":\"https:\\\/\\\/www.vailhealth.org\\\/#organization\"},\"image\":{\"@id\":\"https:\\\/\\\/www.vailhealth.org\\\/news\\\/chavez-honored-as-recipient-of-vail-health-elevate-award\\\/#primaryimage\"},\"thumbnailUrl\":\"https:\\\/\\\/www.vailhealth.org\\\/wp-content\\\/uploads\\\/2026\\\/08\\\/ElevateAward-Summer2025-2.png\",\"articleSection\":[\"Elevate Award\"],\"inLanguage\":\"es-MX\"},{\"@type\":\"WebPage\",\"@id\":\"https:\\\/\\\/www.vailhealth.org\\\/news\\\/chavez-honored-as-recipient-of-vail-health-elevate-award\\\/\",\"url\":\"https:\\\/\\\/www.vailhealth.org\\\/news\\\/chavez-honored-as-recipient-of-vail-health-elevate-award\\\/\",\"name\":\"Chavez Honored as Recipient of Vail Health Elevate Award | Vail Health\",\"isPartOf\":{\"@id\":\"https:\\\/\\\/www.vailhealth.org\\\/#website\"},\"primaryImageOfPage\":{\"@id\":\"https:\\\/\\\/www.vailhealth.org\\\/news\\\/chavez-honored-as-recipient-of-vail-health-elevate-award\\\/#primaryimage\"},\"image\":{\"@id\":\"https:\\\/\\\/www.vailhealth.org\\\/news\\\/chavez-honored-as-recipient-of-vail-health-elevate-award\\\/#primaryimage\"},\"thumbnailUrl\":\"https:\\\/\\\/www.vailhealth.org\\\/wp-content\\\/uploads\\\/2026\\\/08\\\/ElevateAward-Summer2025-2.png\",\"datePublished\":\"2026-08-12T19:07:32+00:00\",\"dateModified\":\"2026-08-12T19:07:33+00:00\",\"description\":\"Jose Chavez,\u00a0guest\u00a0services\u00a0and valet\u00a0at Vail Health,\u00a0has\u00a0been named\u00a0recipient\u00a0of the Vail Health Elevate Award.\",\"breadcrumb\":{\"@id\":\"https:\\\/\\\/www.vailhealth.org\\\/news\\\/chavez-honored-as-recipient-of-vail-health-elevate-award\\\/#breadcrumb\"},\"inLanguage\":\"es-MX\",\"potentialAction\":[{\"@type\":\"ReadAction\",\"target\":[\"https:\\\/\\\/www.vailhealth.org\\\/news\\\/chavez-honored-as-recipient-of-vail-health-elevate-award\\\/\"]}]},{\"@type\":\"ImageObject\",\"inLanguage\":\"es-MX\",\"@id\":\"https:\\\/\\\/www.vailhealth.org\\\/news\\\/chavez-honored-as-recipient-of-vail-health-elevate-award\\\/#primaryimage\",\"url\":\"https:\\\/\\\/www.vailhealth.org\\\/wp-content\\\/uploads\\\/2026\\\/08\\\/ElevateAward-Summer2025-2.png\",\"contentUrl\":\"https:\\\/\\\/www.vailhealth.org\\\/wp-content\\\/uploads\\\/2026\\\/08\\\/ElevateAward-Summer2025-2.png\",\"width\":1500,\"height\":1001},{\"@type\":\"BreadcrumbList\",\"@id\":\"https:\\\/\\\/www.vailhealth.org\\\/news\\\/chavez-honored-as-recipient-of-vail-health-elevate-award\\\/#breadcrumb\",\"itemListElement\":[{\"@type\":\"ListItem\",\"position\":1,\"name\":\"Home\",\"item\":\"https:\\\/\\\/www.vailhealth.org\\\/\"},{\"@type\":\"ListItem\",\"position\":2,\"name\":\"Chavez Honored as Recipient of Vail Health Elevate Award\"}]},{\"@type\":\"WebSite\",\"@id\":\"https:\\\/\\\/www.vailhealth.org\\\/#website\",\"url\":\"https:\\\/\\\/www.vailhealth.org\\\/\",\"name\":\"Vail Health\",\"description\":\"\",\"publisher\":{\"@id\":\"https:\\\/\\\/www.vailhealth.org\\\/#organization\"},\"potentialAction\":[{\"@type\":\"SearchAction\",\"target\":{\"@type\":\"EntryPoint\",\"urlTemplate\":\"https:\\\/\\\/www.vailhealth.org\\\/?s={search_term_string}\"},\"query-input\":{\"@type\":\"PropertyValueSpecification\",\"valueRequired\":true,\"valueName\":\"search_term_string\"}}],\"inLanguage\":\"es-MX\"},{\"@type\":\"Organization\",\"@id\":\"https:\\\/\\\/www.vailhealth.org\\\/#organization\",\"name\":\"Vail Health\",\"url\":\"https:\\\/\\\/www.vailhealth.org\\\/\",\"logo\":{\"@type\":\"ImageObject\",\"inLanguage\":\"es-MX\",\"@id\":\"https:\\\/\\\/www.vailhealth.org\\\/#\\\/schema\\\/logo\\\/image\\\/\",\"url\":\"https:\\\/\\\/www.vailhealth.org\\\/wp-content\\\/uploads\\\/2026\\\/03\\\/layouthorizontal-colorfull.png\",\"contentUrl\":\"https:\\\/\\\/www.vailhealth.org\\\/wp-content\\\/uploads\\\/2026\\\/03\\\/layouthorizontal-colorfull.png\",\"width\":341,\"height\":64,\"caption\":\"Vail Health\"},\"image\":{\"@id\":\"https:\\\/\\\/www.vailhealth.org\\\/#\\\/schema\\\/logo\\\/image\\\/\"},\"sameAs\":[\"https:\\\/\\\/www.facebook.com\\\/VailHealth\\\/\"]},{\"@type\":\"Person\",\"@id\":\"https:\\\/\\\/www.vailhealth.org\\\/#\\\/schema\\\/person\\\/0fefd2b63163ed9d36a35b3d280ec578\",\"name\":\"amiller\",\"image\":{\"@type\":\"ImageObject\",\"inLanguage\":\"es-MX\",\"@id\":\"https:\\\/\\\/secure.gravatar.com\\\/avatar\\\/f665f5071a1baa491798ee6b8569f4f29358ae735f81f38c0097c7129c5ee426?s=96&d=mm&r=g\",\"url\":\"https:\\\/\\\/secure.gravatar.com\\\/avatar\\\/f665f5071a1baa491798ee6b8569f4f29358ae735f81f38c0097c7129c5ee426?s=96&d=mm&r=g\",\"contentUrl\":\"https:\\\/\\\/secure.gravatar.com\\\/avatar\\\/f665f5071a1baa491798ee6b8569f4f29358ae735f81f38c0097c7129c5ee426?s=96&d=mm&r=g\",\"caption\":\"amiller\"},\"url\":\"https:\\\/\\\/www.vailhealth.org\\\/es\\\/news\\\/author\\\/amiller\\\/\"}]}<\/script>\n<!-- \/ Yoast SEO plugin. -->","yoast_head_json":{"title":"Chavez honrado como receptor del Premio Vail Health Elevate | Vail Health","description":"Jos\u00e9 Ch\u00e1vez, servicio al hu\u00e9sped y valet en Vail Health, ha sido nombrado ganador del Premio Vail Health Elevate.","robots":{"index":"index","follow":"follow","max-snippet":"max-snippet:-1","max-image-preview":"max-image-preview:large","max-video-preview":"max-video-preview:-1"},"canonical":"https:\/\/www.vailhealth.org\/es\/noticias\/chavez-es-galardonado-con-el-premio-vail-health-elevate\/","og_locale":"es_MX","og_type":"article","og_title":"Chavez Honored as Recipient of Vail Health Elevate Award | Vail Health","og_description":"Jose Chavez,\u00a0guest\u00a0services\u00a0and valet\u00a0at Vail Health,\u00a0has\u00a0been named\u00a0recipient\u00a0of the Vail Health Elevate Award.","og_url":"https:\/\/www.vailhealth.org\/es\/noticias\/chavez-es-galardonado-con-el-premio-vail-health-elevate\/","og_site_name":"Vail Health","article_publisher":"https:\/\/www.facebook.com\/VailHealth\/","article_published_time":"2026-08-12T19:07:32+00:00","article_modified_time":"2026-08-12T19:07:33+00:00","og_image":[{"width":1024,"height":683,"url":"https:\/\/www.vailhealth.org\/wp-content\/uploads\/2026\/08\/ElevateAward-Summer2025-2-1024x683.png","type":"image\/png"}],"author":"amiller","twitter_card":"summary_large_image","twitter_misc":{"Written by":"amiller","Est. reading time":"4 minutes"},"schema":{"@context":"https:\/\/schema.org","@graph":[{"@type":"Article","@id":"https:\/\/www.vailhealth.org\/news\/chavez-honored-as-recipient-of-vail-health-elevate-award\/#article","isPartOf":{"@id":"https:\/\/www.vailhealth.org\/news\/chavez-honored-as-recipient-of-vail-health-elevate-award\/"},"author":{"name":"amiller","@id":"https:\/\/www.vailhealth.org\/#\/schema\/person\/0fefd2b63163ed9d36a35b3d280ec578"},"headline":"Chavez Honored as Recipient of Vail Health Elevate Award","datePublished":"2026-08-12T19:07:32+00:00","dateModified":"2026-08-12T19:07:33+00:00","mainEntityOfPage":{"@id":"https:\/\/www.vailhealth.org\/news\/chavez-honored-as-recipient-of-vail-health-elevate-award\/"},"wordCount":773,"publisher":{"@id":"https:\/\/www.vailhealth.org\/#organization"},"image":{"@id":"https:\/\/www.vailhealth.org\/news\/chavez-honored-as-recipient-of-vail-health-elevate-award\/#primaryimage"},"thumbnailUrl":"https:\/\/www.vailhealth.org\/wp-content\/uploads\/2026\/08\/ElevateAward-Summer2025-2.png","articleSection":["Elevate Award"],"inLanguage":"es-MX"},{"@type":"WebPage","@id":"https:\/\/www.vailhealth.org\/news\/chavez-honored-as-recipient-of-vail-health-elevate-award\/","url":"https:\/\/www.vailhealth.org\/news\/chavez-honored-as-recipient-of-vail-health-elevate-award\/","name":"Chavez honrado como receptor del Premio Vail Health Elevate | Vail Health","isPartOf":{"@id":"https:\/\/www.vailhealth.org\/#website"},"primaryImageOfPage":{"@id":"https:\/\/www.vailhealth.org\/news\/chavez-honored-as-recipient-of-vail-health-elevate-award\/#primaryimage"},"image":{"@id":"https:\/\/www.vailhealth.org\/news\/chavez-honored-as-recipient-of-vail-health-elevate-award\/#primaryimage"},"thumbnailUrl":"https:\/\/www.vailhealth.org\/wp-content\/uploads\/2026\/08\/ElevateAward-Summer2025-2.png","datePublished":"2026-08-12T19:07:32+00:00","dateModified":"2026-08-12T19:07:33+00:00","description":"Jos\u00e9 Ch\u00e1vez, servicio al hu\u00e9sped y valet en Vail Health, ha sido nombrado ganador del Premio Vail Health Elevate.","breadcrumb":{"@id":"https:\/\/www.vailhealth.org\/news\/chavez-honored-as-recipient-of-vail-health-elevate-award\/#breadcrumb"},"inLanguage":"es-MX","potentialAction":[{"@type":"ReadAction","target":["https:\/\/www.vailhealth.org\/news\/chavez-honored-as-recipient-of-vail-health-elevate-award\/"]}]},{"@type":"ImageObject","inLanguage":"es-MX","@id":"https:\/\/www.vailhealth.org\/news\/chavez-honored-as-recipient-of-vail-health-elevate-award\/#primaryimage","url":"https:\/\/www.vailhealth.org\/wp-content\/uploads\/2026\/08\/ElevateAward-Summer2025-2.png","contentUrl":"https:\/\/www.vailhealth.org\/wp-content\/uploads\/2026\/08\/ElevateAward-Summer2025-2.png","width":1500,"height":1001},{"@type":"BreadcrumbList","@id":"https:\/\/www.vailhealth.org\/news\/chavez-honored-as-recipient-of-vail-health-elevate-award\/#breadcrumb","itemListElement":[{"@type":"ListItem","position":1,"name":"Home","item":"https:\/\/www.vailhealth.org\/"},{"@type":"ListItem","position":2,"name":"Chavez Honored as Recipient of Vail Health Elevate Award"}]},{"@type":"WebSite","@id":"https:\/\/www.vailhealth.org\/#website","url":"https:\/\/www.vailhealth.org\/","name":"Vail Salud","description":"","publisher":{"@id":"https:\/\/www.vailhealth.org\/#organization"},"potentialAction":[{"@type":"SearchAction","target":{"@type":"EntryPoint","urlTemplate":"https:\/\/www.vailhealth.org\/?s={search_term_string}"},"query-input":{"@type":"PropertyValueSpecification","valueRequired":true,"valueName":"search_term_string"}}],"inLanguage":"es-MX"},{"@type":"Organization","@id":"https:\/\/www.vailhealth.org\/#organization","name":"Vail Salud","url":"https:\/\/www.vailhealth.org\/","logo":{"@type":"ImageObject","inLanguage":"es-MX","@id":"https:\/\/www.vailhealth.org\/#\/schema\/logo\/image\/","url":"https:\/\/www.vailhealth.org\/wp-content\/uploads\/2026\/03\/layouthorizontal-colorfull.png","contentUrl":"https:\/\/www.vailhealth.org\/wp-content\/uploads\/2026\/03\/layouthorizontal-colorfull.png","width":341,"height":64,"caption":"Vail Health"},"image":{"@id":"https:\/\/www.vailhealth.org\/#\/schema\/logo\/image\/"},"sameAs":["https:\/\/www.facebook.com\/VailHealth\/"]},{"@type":"Person","@id":"https:\/\/www.vailhealth.org\/#\/schema\/person\/0fefd2b63163ed9d36a35b3d280ec578","name":"molinero","image":{"@type":"ImageObject","inLanguage":"es-MX","@id":"https:\/\/secure.gravatar.com\/avatar\/f665f5071a1baa491798ee6b8569f4f29358ae735f81f38c0097c7129c5ee426?s=96&d=mm&r=g","url":"https:\/\/secure.gravatar.com\/avatar\/f665f5071a1baa491798ee6b8569f4f29358ae735f81f38c0097c7129c5ee426?s=96&d=mm&r=g","contentUrl":"https:\/\/secure.gravatar.com\/avatar\/f665f5071a1baa491798ee6b8569f4f29358ae735f81f38c0097c7129c5ee426?s=96&d=mm&r=g","caption":"amiller"},"url":"https:\/\/www.vailhealth.org\/es\/news\/author\/amiller\/"}]}},"distributor_meta":false,"distributor_terms":false,"distributor_media":false,"distributor_original_site_name":"Vail Health","distributor_original_site_url":"https:\/\/www.vailhealth.org\/es","push-errors":false,"_links":{"self":[{"href":"https:\/\/www.vailhealth.org\/es\/wp-json\/wp\/v2\/posts\/7103","targetHints":{"allow":["GET"]}}],"collection":[{"href":"https:\/\/www.vailhealth.org\/es\/wp-json\/wp\/v2\/posts"}],"about":[{"href":"https:\/\/www.vailhealth.org\/es\/wp-json\/wp\/v2\/types\/post"}],"author":[{"embeddable":true,"href":"https:\/\/www.vailhealth.org\/es\/wp-json\/wp\/v2\/users\/2"}],"replies":[{"embeddable":true,"href":"https:\/\/www.vailhealth.org\/es\/wp-json\/wp\/v2\/comments?post=7103"}],"version-history":[{"count":1,"href":"https:\/\/www.vailhealth.org\/es\/wp-json\/wp\/v2\/posts\/7103\/revisions"}],"predecessor-version":[{"id":7105,"href":"https:\/\/www.vailhealth.org\/es\/wp-json\/wp\/v2\/posts\/7103\/revisions\/7105"}],"wp:featuredmedia":[{"embeddable":true,"href":"https:\/\/www.vailhealth.org\/es\/wp-json\/wp\/v2\/media\/7104"}],"wp:attachment":[{"href":"https:\/\/www.vailhealth.org\/es\/wp-json\/wp\/v2\/media?parent=7103"}],"wp:term":[{"taxonomy":"category","embeddable":true,"href":"https:\/\/www.vailhealth.org\/es\/wp-json\/wp\/v2\/categories?post=7103"},{"taxonomy":"post_tag","embeddable":true,"href":"https:\/\/www.vailhealth.org\/es\/wp-json\/wp\/v2\/tags?post=7103"}],"curies":[{"name":"wp","href":"https:\/\/api.w.org\/{rel}","templated":true}]}}